{"id":156,"date":"2025-04-08T16:44:42","date_gmt":"2025-04-08T19:44:42","guid":{"rendered":"https:\/\/farmacialaavenida.cl\/?p=156"},"modified":"2025-04-08T17:13:27","modified_gmt":"2025-04-08T20:13:27","slug":"7-anos-junto-a-usted-farmacia-la-avenida","status":"publish","type":"post","link":"https:\/\/farmacialaavenida.cl\/?p=156","title":{"rendered":"7 a\u00f1os junto a usted &#8211; Farmacia La Avenida"},"content":{"rendered":"\n<p class=\"has-medium-font-size\">Porque estar al servicio de nuestras usuarias y usuarios es nuestra pasi\u00f3n, en <strong>Farmacia La Avenida<\/strong> siempre estamos buscando la manera de hacer alg\u00fan cari\u00f1ito a nuestra red. En raz\u00f3n de aquello, hemos estado repartiendo estos <strong>hermosos llaveros de confecci\u00f3n artesanal <\/strong>para agradecer su preferencia constante.<\/p>\n\n\n\n<p class=\"has-medium-font-size\">Tambi\u00e9n hemos retomado el <strong><a href=\"https:\/\/farmacialaavenida.cl\/?page_id=105\" data-type=\"page\" data-id=\"105\">servicio de despacho a domicilio:<\/a><\/strong><\/p>\n\n\n\n<p class=\"has-medium-font-size\">Revisa nuestro listado de precios, cont\u00e1ctanos para corroborar disponibilidad y precio y agenda tu despacho a un costo unitario de $2.500 en Santa Cruz urbano.&nbsp;(Consulta por despachos en otras localidades)<\/p>\n\n\n\n<p class=\"has-medium-font-size\"><strong>Contamos con dos horarios de reparto diario:<\/strong><\/p>\n\n\n\n<p class=\"has-medium-font-size\"><strong>Ma\u00f1ana<\/strong><\/p>\n\n\n\n<p class=\"has-medium-font-size\"><strong>RECEPCI\u00d3N PEDIDOS<\/strong><\/p>\n\n\n\n<p class=\"has-medium-font-size\">Hasta las 12:00 hrs.<\/p>\n\n\n\n<p class=\"has-medium-font-size\">(reparto desde las 13:00)<\/p>\n\n\n\n<p class=\"has-medium-font-size\"><strong>Tarde<\/strong><\/p>\n\n\n\n<p class=\"has-medium-font-size\"><strong>RECEPCI\u00d3N PEDIDOS<\/strong><\/p>\n\n\n\n<p class=\"has-medium-font-size\">Hasta las 19:00 hrs.<\/p>\n\n\n\n<p class=\"has-medium-font-size\">(reparto desde 20:00)<\/p>\n\n\n\n<figure class=\"wp-block-image size-large\"><img loading=\"lazy\" decoding=\"async\" width=\"819\" height=\"1024\" src=\"https:\/\/farmacialaavenida.cl\/wp-content\/uploads\/2025\/04\/Detalles-que-hacen-819x1024.png\" alt=\"\" class=\"wp-image-157\" srcset=\"https:\/\/farmacialaavenida.cl\/wp-content\/uploads\/2025\/04\/Detalles-que-hacen-819x1024.png 819w, https:\/\/farmacialaavenida.cl\/wp-content\/uploads\/2025\/04\/Detalles-que-hacen-240x300.png 240w, https:\/\/farmacialaavenida.cl\/wp-content\/uploads\/2025\/04\/Detalles-que-hacen-768x960.png 768w, https:\/\/farmacialaavenida.cl\/wp-content\/uploads\/2025\/04\/Detalles-que-hacen-1229x1536.png 1229w, https:\/\/farmacialaavenida.cl\/wp-content\/uploads\/2025\/04\/Detalles-que-hacen-1638x2048.png 1638w\" sizes=\"auto, (max-width: 819px) 100vw, 819px\" \/><\/figure>\n","protected":false},"excerpt":{"rendered":"<p>Porque estar al servicio de nuestras usuarias y usuarios es nuestra pasi\u00f3n, en Farmacia La Avenida siempre estamos buscando la manera de hacer alg\u00fan cari\u00f1ito a nuestra red. En raz\u00f3n de aquello, hemos estado repartiendo estos hermosos llaveros de confecci\u00f3n artesanal para agradecer su preferencia constante. Tambi\u00e9n hemos retomado el servicio de despacho a domicilio: [&hellip;]<\/p>\n","protected":false},"author":2,"featured_media":157,"comment_status":"open","ping_status":"open","sticky":false,"template":"","format":"standard","meta":{"footnotes":""},"categories":[1],"tags":[],"class_list":["post-156","post","type-post","status-publish","format-standard","has-post-thumbnail","hentry","category-sin-categoria"],"_links":{"self":[{"href":"https:\/\/farmacialaavenida.cl\/index.php?rest_route=\/wp\/v2\/posts\/156","targetHints":{"allow":["GET"]}}],"collection":[{"href":"https:\/\/farmacialaavenida.cl\/index.php?rest_route=\/wp\/v2\/posts"}],"about":[{"href":"https:\/\/farmacialaavenida.cl\/index.php?rest_route=\/wp\/v2\/types\/post"}],"author":[{"embeddable":true,"href":"https:\/\/farmacialaavenida.cl\/index.php?rest_route=\/wp\/v2\/users\/2"}],"replies":[{"embeddable":true,"href":"https:\/\/farmacialaavenida.cl\/index.php?rest_route=%2Fwp%2Fv2%2Fcomments&post=156"}],"version-history":[{"count":3,"href":"https:\/\/farmacialaavenida.cl\/index.php?rest_route=\/wp\/v2\/posts\/156\/revisions"}],"predecessor-version":[{"id":160,"href":"https:\/\/farmacialaavenida.cl\/index.php?rest_route=\/wp\/v2\/posts\/156\/revisions\/160"}],"wp:featuredmedia":[{"embeddable":true,"href":"https:\/\/farmacialaavenida.cl\/index.php?rest_route=\/wp\/v2\/media\/157"}],"wp:attachment":[{"href":"https:\/\/farmacialaavenida.cl\/index.php?rest_route=%2Fwp%2Fv2%2Fmedia&parent=156"}],"wp:term":[{"taxonomy":"category","embeddable":true,"href":"https:\/\/farmacialaavenida.cl\/index.php?rest_route=%2Fwp%2Fv2%2Fcategories&post=156"},{"taxonomy":"post_tag","embeddable":true,"href":"https:\/\/farmacialaavenida.cl\/index.php?rest_route=%2Fwp%2Fv2%2Ftags&post=156"}],"curies":[{"name":"wp","href":"https:\/\/api.w.org\/{rel}","templated":true}]}}