{"id":161,"date":"2025-04-16T19:33:52","date_gmt":"2025-04-16T22:33:52","guid":{"rendered":"https:\/\/farmacialaavenida.cl\/?p=161"},"modified":"2025-04-23T19:37:09","modified_gmt":"2025-04-23T22:37:09","slug":"horario-semana-santa","status":"publish","type":"post","link":"https:\/\/farmacialaavenida.cl\/?p=161","title":{"rendered":"Horario Semana Santa"},"content":{"rendered":"\n<p>Horario de atenci\u00f3n festivos semana santa 2025 <img loading=\"lazy\" decoding=\"async\" height=\"16\" width=\"16\" alt=\"\ud83d\udc30\" src=\"https:\/\/static.xx.fbcdn.net\/images\/emoji.php\/v9\/tc8\/2\/16\/1f430.png\"><\/p>\n\n\n\n<p>Informamos que durante los d\u00edas viernes 18, s\u00e1bado 19 y domingo 20 de abril estaremos atendiendo de 10:00 a 20:00 horas en horario continuado.<\/p>\n\n\n\n<p>Les esperamos con nuestra atenci\u00f3n personalizada y los precios convenientes que nos caracterizan.<\/p>\n\n\n\n<p><a href=\"https:\/\/www.instagram.com\/_u\/farmacia_la_avenida\" rel=\"noreferrer noopener\" target=\"_blank\">@farmacia_la_avenida<\/a><a href=\"https:\/\/www.facebook.com\/hashtag\/farmaciaindependiente?__eep__=6&amp;__cft__[0]=AZXVM5sLL8dyKh2SxYWP7yHHWUqBn5wrg23xifXJC0B35cbMaFAsJ1pJ1a6T_xzvJCsDJpdGeDlgeKjB2d1mCYfNcYyDHjjltXWY-cxxSSt2S-YxB808LFAl2Rd9bn14cwZuD2xu7_6-3qlBSW1--3akQh2l1Io5QUV-sK7KAuF90UFpyNZa5fv1s8LLOczxhPw46U9KLLguSQnZkRTgEboy&amp;__tn__=*NK-R\">#farmaciaindependiente<\/a><a href=\"https:\/\/www.facebook.com\/hashtag\/santacruz?__eep__=6&amp;__cft__[0]=AZXVM5sLL8dyKh2SxYWP7yHHWUqBn5wrg23xifXJC0B35cbMaFAsJ1pJ1a6T_xzvJCsDJpdGeDlgeKjB2d1mCYfNcYyDHjjltXWY-cxxSSt2S-YxB808LFAl2Rd9bn14cwZuD2xu7_6-3qlBSW1--3akQh2l1Io5QUV-sK7KAuF90UFpyNZa5fv1s8LLOczxhPw46U9KLLguSQnZkRTgEboy&amp;__tn__=*NK-R\">#SantaCruz<\/a><a href=\"https:\/\/www.facebook.com\/hashtag\/semanasanta?__eep__=6&amp;__cft__[0]=AZXVM5sLL8dyKh2SxYWP7yHHWUqBn5wrg23xifXJC0B35cbMaFAsJ1pJ1a6T_xzvJCsDJpdGeDlgeKjB2d1mCYfNcYyDHjjltXWY-cxxSSt2S-YxB808LFAl2Rd9bn14cwZuD2xu7_6-3qlBSW1--3akQh2l1Io5QUV-sK7KAuF90UFpyNZa5fv1s8LLOczxhPw46U9KLLguSQnZkRTgEboy&amp;__tn__=*NK-R\">#SemanaSanta<\/a><img loading=\"lazy\" decoding=\"async\" height=\"16\" width=\"16\" alt=\"\u2b50\ufe0f\" src=\"https:\/\/static.xx.fbcdn.net\/images\/emoji.php\/v9\/t35\/2\/16\/2b50.png\"><\/p>\n\n\n\n<figure class=\"wp-block-image size-large\"><img loading=\"lazy\" decoding=\"async\" width=\"1024\" height=\"1024\" src=\"https:\/\/farmacialaavenida.cl\/wp-content\/uploads\/2025\/04\/Atencion-domingo-27-octubre-1024x1024.png\" alt=\"\" class=\"wp-image-162\" srcset=\"https:\/\/farmacialaavenida.cl\/wp-content\/uploads\/2025\/04\/Atencion-domingo-27-octubre-1024x1024.png 1024w, https:\/\/farmacialaavenida.cl\/wp-content\/uploads\/2025\/04\/Atencion-domingo-27-octubre-300x300.png 300w, https:\/\/farmacialaavenida.cl\/wp-content\/uploads\/2025\/04\/Atencion-domingo-27-octubre-150x150.png 150w, https:\/\/farmacialaavenida.cl\/wp-content\/uploads\/2025\/04\/Atencion-domingo-27-octubre-768x768.png 768w, https:\/\/farmacialaavenida.cl\/wp-content\/uploads\/2025\/04\/Atencion-domingo-27-octubre-570x570.png 570w, https:\/\/farmacialaavenida.cl\/wp-content\/uploads\/2025\/04\/Atencion-domingo-27-octubre-380x380.png 380w, https:\/\/farmacialaavenida.cl\/wp-content\/uploads\/2025\/04\/Atencion-domingo-27-octubre-285x285.png 285w, https:\/\/farmacialaavenida.cl\/wp-content\/uploads\/2025\/04\/Atencion-domingo-27-octubre.png 1080w\" sizes=\"auto, (max-width: 1024px) 100vw, 1024px\" \/><\/figure>\n","protected":false},"excerpt":{"rendered":"<p>Horario de atenci\u00f3n festivos semana santa 2025 Informamos que durante los d\u00edas viernes 18, s\u00e1bado 19 y domingo 20 de abril estaremos atendiendo de 10:00 a 20:00 horas en horario continuado. Les esperamos con nuestra atenci\u00f3n personalizada y los precios convenientes que nos caracterizan. @farmacia_la_avenida#farmaciaindependiente#SantaCruz#SemanaSanta<\/p>\n","protected":false},"author":2,"featured_media":162,"comment_status":"open","ping_status":"open","sticky":false,"template":"","format":"standard","meta":{"footnotes":""},"categories":[1],"tags":[],"class_list":["post-161","post","type-post","status-publish","format-standard","has-post-thumbnail","hentry","category-sin-categoria"],"_links":{"self":[{"href":"https:\/\/farmacialaavenida.cl\/index.php?rest_route=\/wp\/v2\/posts\/161","targetHints":{"allow":["GET"]}}],"collection":[{"href":"https:\/\/farmacialaavenida.cl\/index.php?rest_route=\/wp\/v2\/posts"}],"about":[{"href":"https:\/\/farmacialaavenida.cl\/index.php?rest_route=\/wp\/v2\/types\/post"}],"author":[{"embeddable":true,"href":"https:\/\/farmacialaavenida.cl\/index.php?rest_route=\/wp\/v2\/users\/2"}],"replies":[{"embeddable":true,"href":"https:\/\/farmacialaavenida.cl\/index.php?rest_route=%2Fwp%2Fv2%2Fcomments&post=161"}],"version-history":[{"count":1,"href":"https:\/\/farmacialaavenida.cl\/index.php?rest_route=\/wp\/v2\/posts\/161\/revisions"}],"predecessor-version":[{"id":163,"href":"https:\/\/farmacialaavenida.cl\/index.php?rest_route=\/wp\/v2\/posts\/161\/revisions\/163"}],"wp:featuredmedia":[{"embeddable":true,"href":"https:\/\/farmacialaavenida.cl\/index.php?rest_route=\/wp\/v2\/media\/162"}],"wp:attachment":[{"href":"https:\/\/farmacialaavenida.cl\/index.php?rest_route=%2Fwp%2Fv2%2Fmedia&parent=161"}],"wp:term":[{"taxonomy":"category","embeddable":true,"href":"https:\/\/farmacialaavenida.cl\/index.php?rest_route=%2Fwp%2Fv2%2Fcategories&post=161"},{"taxonomy":"post_tag","embeddable":true,"href":"https:\/\/farmacialaavenida.cl\/index.php?rest_route=%2Fwp%2Fv2%2Ftags&post=161"}],"curies":[{"name":"wp","href":"https:\/\/api.w.org\/{rel}","templated":true}]}}