{"id":317,"date":"2025-08-14T12:01:09","date_gmt":"2025-08-14T15:01:09","guid":{"rendered":"https:\/\/farmacialaavenida.cl\/?p=317"},"modified":"2025-08-14T12:01:09","modified_gmt":"2025-08-14T15:01:09","slug":"horario-de-atencion-viernes-15-de-agosto","status":"publish","type":"post","link":"https:\/\/farmacialaavenida.cl\/?p=317","title":{"rendered":"Horario de atenci\u00f3n viernes 15 de Agosto"},"content":{"rendered":"\n<figure class=\"wp-block-image size-large\"><img decoding=\"async\" src=\"https:\/\/farmacialaavenida.cl\/wp-content\/uploads\/2025\/08\/Atencion-domingo-27-octubre-1024x1024.png\" alt=\"\" class=\"wp-image-318\"\/><\/figure>\n\n\n\n<p class=\"wp-block-paragraph\">Informamos que durante el 15 de Agosto, festivo por la Asunci\u00f3n de la virgen, en @farmacia_la_avenida estaremos atendiendo en horario especial:<\/p>\n\n\n\n<p class=\"wp-block-paragraph\">11:00 &#8211; 14:30<\/p>\n\n\n\n<p class=\"wp-block-paragraph\">15:30 &#8211; 20:00<\/p>\n\n\n\n<p class=\"wp-block-paragraph\">Para tener en cuenta en caso de necesitar medicamentos, insumos m\u00e9dicos o atenci\u00f3n farmac\u00e9utica. Les esperamos en Avenida Err\u00e1zuriz #989 a pasos del Hospital de Santa Cruz.<\/p>\n\n\n\n<p class=\"wp-block-paragraph\">Farmacia La Avenida<\/p>\n","protected":false},"excerpt":{"rendered":"<p>Informamos que durante el 15 de Agosto, festivo por la Asunci\u00f3n de la virgen, en @farmacia_la_avenida estaremos atendiendo en horario especial: 11:00 &#8211; 14:30 15:30 &#8211; 20:00 Para tener en cuenta en caso de necesitar medicamentos, insumos m\u00e9dicos o atenci\u00f3n farmac\u00e9utica. Les esperamos en Avenida Err\u00e1zuriz #989 a pasos del Hospital de Santa Cruz. Farmacia [&hellip;]<\/p>\n","protected":false},"author":1,"featured_media":318,"comment_status":"open","ping_status":"open","sticky":false,"template":"","format":"standard","meta":{"footnotes":""},"categories":[1],"tags":[],"class_list":["post-317","post","type-post","status-publish","format-standard","has-post-thumbnail","hentry","category-sin-categoria"],"_links":{"self":[{"href":"https:\/\/farmacialaavenida.cl\/index.php?rest_route=\/wp\/v2\/posts\/317","targetHints":{"allow":["GET"]}}],"collection":[{"href":"https:\/\/farmacialaavenida.cl\/index.php?rest_route=\/wp\/v2\/posts"}],"about":[{"href":"https:\/\/farmacialaavenida.cl\/index.php?rest_route=\/wp\/v2\/types\/post"}],"author":[{"embeddable":true,"href":"https:\/\/farmacialaavenida.cl\/index.php?rest_route=\/wp\/v2\/users\/1"}],"replies":[{"embeddable":true,"href":"https:\/\/farmacialaavenida.cl\/index.php?rest_route=%2Fwp%2Fv2%2Fcomments&post=317"}],"version-history":[{"count":0,"href":"https:\/\/farmacialaavenida.cl\/index.php?rest_route=\/wp\/v2\/posts\/317\/revisions"}],"wp:attachment":[{"href":"https:\/\/farmacialaavenida.cl\/index.php?rest_route=%2Fwp%2Fv2%2Fmedia&parent=317"}],"wp:term":[{"taxonomy":"category","embeddable":true,"href":"https:\/\/farmacialaavenida.cl\/index.php?rest_route=%2Fwp%2Fv2%2Fcategories&post=317"},{"taxonomy":"post_tag","embeddable":true,"href":"https:\/\/farmacialaavenida.cl\/index.php?rest_route=%2Fwp%2Fv2%2Ftags&post=317"}],"curies":[{"name":"wp","href":"https:\/\/api.w.org\/{rel}","templated":true}]}}