{"id":95,"date":"2024-12-01T01:35:00","date_gmt":"2024-12-01T04:35:00","guid":{"rendered":"https:\/\/farmacialaavenida.cl\/?p=95"},"modified":"2025-01-16T09:51:45","modified_gmt":"2025-01-16T12:51:45","slug":"dia-panamericano-del-quimic-farmaceutic","status":"publish","type":"post","link":"https:\/\/farmacialaavenida.cl\/?p=95","title":{"rendered":"D\u00eda panamericano del Qu\u00edmic@ Farmac\u00e9utic@,"},"content":{"rendered":"\n<p>En el d\u00eda panamericano del Qu\u00edmic@ Farmac\u00e9utic@, saludamos orgullosamente a los profesionales que nos han acompa\u00f1ado en estos siete a\u00f1os, especialmente a Camila y Nicole y que en su momento realizaron pr\u00e1cticas profesionales con nosotros y tambi\u00e9n a Constanza, Daniela, Camila, Anto, Jessica, Max y Daniel, quienes junto a Diego y Miguel han ejercido las labores de QF en <a href=\"https:\/\/www.instagram.com\/_u\/farmacia_la_avenida?fbclid=IwZXh0bgNhZW0CMTAAAR25VF-mT4MVc_Ra4eJpEUM-qOBm8tyICKCHKsd-g5z33Y9nsGCTaLXS6zw_aem_5UffwItoLrfsoypBGmmsow\" target=\"_blank\" rel=\"noreferrer noopener\">@farmacia_la_avenida<\/a><\/p>\n\n\n\n<p>Un afectuoso saludo de parte de nuestro equipo, colmado de agradecimiento por la entrega <a><\/a>y el profesionalismo demostrado en las diferentes \u00e1reas de la atenci\u00f3n farmac\u00e9utica<\/p>\n\n\n\n<p><img loading=\"lazy\" decoding=\"async\" height=\"16\" width=\"16\" alt=\"\u2763\" src=\"https:\/\/static.xx.fbcdn.net\/images\/emoji.php\/v9\/t6c\/2\/16\/2763.png\"> \u00a1Felicidades!<\/p>\n\n\n\n<p><a href=\"https:\/\/www.facebook.com\/hashtag\/d%C3%ADapanamericanodelfarmac%C3%A9utico?__eep__=6&amp;__cft__[0]=AZUN6obBke8A-4HFHqS9nvMqwnAsq6BZJP1_Y9lB3ot9NXk15oDhwAw0Dmr4tsKGRTrnF6UADyhMAquylKx1p0N87d3V7KOZh2fJuwEElog4YOlEy6WqryYd-tot_n3rw3mzMeLtRzePni-ikD1oy_oiu_BYZ1UkmQuqNXOz_8KihxlFDJcStnjTsa3e-DBhUG8&amp;__tn__=*NK-R\">#d\u00edapanamericanodelfarmac\u00e9utico<\/a><\/p>\n\n\n\n<figure class=\"wp-block-image size-large\"><img loading=\"lazy\" decoding=\"async\" width=\"1020\" height=\"1024\" src=\"https:\/\/farmacialaavenida.cl\/wp-content\/uploads\/2025\/01\/Captura-de-pantalla-2025-01-14-a-las-1.48.12\u202fa.-m-1020x1024.png\" alt=\"\" class=\"wp-image-96\" srcset=\"https:\/\/farmacialaavenida.cl\/wp-content\/uploads\/2025\/01\/Captura-de-pantalla-2025-01-14-a-las-1.48.12\u202fa.-m-1020x1024.png 1020w, https:\/\/farmacialaavenida.cl\/wp-content\/uploads\/2025\/01\/Captura-de-pantalla-2025-01-14-a-las-1.48.12\u202fa.-m-300x300.png 300w, https:\/\/farmacialaavenida.cl\/wp-content\/uploads\/2025\/01\/Captura-de-pantalla-2025-01-14-a-las-1.48.12\u202fa.-m-150x150.png 150w, https:\/\/farmacialaavenida.cl\/wp-content\/uploads\/2025\/01\/Captura-de-pantalla-2025-01-14-a-las-1.48.12\u202fa.-m-768x771.png 768w, https:\/\/farmacialaavenida.cl\/wp-content\/uploads\/2025\/01\/Captura-de-pantalla-2025-01-14-a-las-1.48.12\u202fa.-m-1530x1536.png 1530w, https:\/\/farmacialaavenida.cl\/wp-content\/uploads\/2025\/01\/Captura-de-pantalla-2025-01-14-a-las-1.48.12\u202fa.-m-380x380.png 380w, https:\/\/farmacialaavenida.cl\/wp-content\/uploads\/2025\/01\/Captura-de-pantalla-2025-01-14-a-las-1.48.12\u202fa.-m-285x285.png 285w, https:\/\/farmacialaavenida.cl\/wp-content\/uploads\/2025\/01\/Captura-de-pantalla-2025-01-14-a-las-1.48.12\u202fa.-m.png 1592w\" sizes=\"auto, (max-width: 1020px) 100vw, 1020px\" \/><\/figure>\n","protected":false},"excerpt":{"rendered":"<p>En el d\u00eda panamericano del Qu\u00edmic@ Farmac\u00e9utic@, saludamos orgullosamente a los profesionales que nos han acompa\u00f1ado en estos siete a\u00f1os, especialmente a Camila y Nicole y que en su momento realizaron pr\u00e1cticas profesionales con nosotros y tambi\u00e9n a Constanza, Daniela, Camila, Anto, Jessica, Max y Daniel, quienes junto a Diego y Miguel han ejercido las [&hellip;]<\/p>\n","protected":false},"author":2,"featured_media":96,"comment_status":"open","ping_status":"open","sticky":false,"template":"","format":"standard","meta":{"footnotes":""},"categories":[1],"tags":[],"class_list":["post-95","post","type-post","status-publish","format-standard","has-post-thumbnail","hentry","category-sin-categoria"],"_links":{"self":[{"href":"https:\/\/farmacialaavenida.cl\/index.php?rest_route=\/wp\/v2\/posts\/95","targetHints":{"allow":["GET"]}}],"collection":[{"href":"https:\/\/farmacialaavenida.cl\/index.php?rest_route=\/wp\/v2\/posts"}],"about":[{"href":"https:\/\/farmacialaavenida.cl\/index.php?rest_route=\/wp\/v2\/types\/post"}],"author":[{"embeddable":true,"href":"https:\/\/farmacialaavenida.cl\/index.php?rest_route=\/wp\/v2\/users\/2"}],"replies":[{"embeddable":true,"href":"https:\/\/farmacialaavenida.cl\/index.php?rest_route=%2Fwp%2Fv2%2Fcomments&post=95"}],"version-history":[{"count":2,"href":"https:\/\/farmacialaavenida.cl\/index.php?rest_route=\/wp\/v2\/posts\/95\/revisions"}],"predecessor-version":[{"id":103,"href":"https:\/\/farmacialaavenida.cl\/index.php?rest_route=\/wp\/v2\/posts\/95\/revisions\/103"}],"wp:featuredmedia":[{"embeddable":true,"href":"https:\/\/farmacialaavenida.cl\/index.php?rest_route=\/wp\/v2\/media\/96"}],"wp:attachment":[{"href":"https:\/\/farmacialaavenida.cl\/index.php?rest_route=%2Fwp%2Fv2%2Fmedia&parent=95"}],"wp:term":[{"taxonomy":"category","embeddable":true,"href":"https:\/\/farmacialaavenida.cl\/index.php?rest_route=%2Fwp%2Fv2%2Fcategories&post=95"},{"taxonomy":"post_tag","embeddable":true,"href":"https:\/\/farmacialaavenida.cl\/index.php?rest_route=%2Fwp%2Fv2%2Ftags&post=95"}],"curies":[{"name":"wp","href":"https:\/\/api.w.org\/{rel}","templated":true}]}}